{"id":440,"date":"2024-02-18T12:56:47","date_gmt":"2024-02-18T11:56:47","guid":{"rendered":"https:\/\/demo.creativethemes.com\/blocksy\/home-decor\/?p=440"},"modified":"2025-07-29T01:30:06","modified_gmt":"2025-07-28T23:30:06","slug":"flores-de-temporada-en-caba","status":"publish","type":"post","link":"https:\/\/losincasfloreria.com\/index.php\/2024\/02\/18\/flores-de-temporada-en-caba\/","title":{"rendered":"Flores de Temporada: Una Elecci\u00f3n Consciente para Embellecer tus espacios"},"content":{"rendered":"\n<p data-block-type=\"core\">La naturaleza nos regala la exquisita frescura y belleza de las flores a lo largo de todo el a\u00f1o. Sin embargo, cabe destacar que cada estaci\u00f3n tiene su propia paleta floral, ofreciendo una diversidad \u00fanica en cada momento.\u00a0Conoces las Flores de Temporada en CABA.<\/p>\n\n\n\n<p data-block-type=\"core\">Es cierto que en los \u00faltimos tiempos las temporadas se est\u00e1n viendo afectadas por el cambio clim\u00e1tico, y ese puede ser un reto para todos.<\/p>\n\n\n\n<p data-block-type=\"core\">Por eso siempre est\u00e1 bueno preguntar cu\u00e1les son las que est\u00e1n disponibles en el momento, y conectar con la esencia particular de cada estaci\u00f3n.<\/p>\n\n\n\n<p data-block-type=\"core\">Por qu\u00e9 hablamos de seleccionar flores de temporada, porque m\u00e1s all\u00e1 de su belleza hay beneficios que est\u00e1n buenos destacar<\/p>\n\n\n\n<div class=\"wp-block-stackable-subtitle stk-block-subtitle stk-block stk-36f22d3\" data-block-id=\"36f22d3\"><p class=\"stk-block-subtitle__text stk-subtitle\"><strong>Es m\u00e1s Ecol\u00f3gico: <\/strong>Optar por flores de temporada es una decisi\u00f3n amigable con el medio ambiente. Estas flores, al estar en su per\u00edodo natural de floraci\u00f3n, no requieren invernaderos para recrear condiciones clim\u00e1ticas \u00f3ptimas, reduciendo as\u00ed la huella ecol\u00f3gica. La elecci\u00f3n de flores locales intensifica este beneficio al disminuir la necesidad de transporte.<\/p><\/div>\n\n\n\n<div class=\"wp-block-stackable-subtitle stk-block-subtitle stk-block stk-4fcd941\" data-block-id=\"4fcd941\"><p class=\"stk-block-subtitle__text stk-subtitle\"><strong>Precio Accesible: <\/strong>Las flores de temporada suelen tener un costo m\u00e1s asequible, ya que son m\u00e1s f\u00e1ciles de obtener y no necesitan ser cultivadas en ambientes controlados. Comprar flores fuera de su estaci\u00f3n puede resultar m\u00e1s costoso debido a los gastos asociados con su cultivo fuera de su tiempo natural.<\/p><\/div>\n\n\n\n<div class=\"wp-block-stackable-subtitle stk-block-subtitle stk-block stk-0aea128\" data-block-id=\"0aea128\"><p class=\"stk-block-subtitle__text stk-subtitle\"><strong>Calidad Garantizada: <\/strong>Seleccionar flores de temporada asegura la obtenci\u00f3n de flores en su m\u00e1ximo esplendor: colores vivos y aromas cautivadores. En contraste, elegir flores fuera de temporada puede implicar que el ramo o centro decorativo no luzca tan exuberante como se desear\u00eda, ya que estas flores no est\u00e1n en su punto \u00f3ptimo.<\/p><\/div>\n\n\n\n<p class=\"has-medium-font-size\" data-block-type=\"core\"><strong>Calendario de Flores de Temporada<\/strong><\/p>\n\n\n\n<p data-block-type=\"core\"><\/p>\n\n\n\n<p data-block-type=\"core\"><\/p>\n\n\n\n<div class=\"wp-block-stackable-image stk-block-image stk-block stk-6020f3f\" data-block-id=\"6020f3f\"><figure><span class=\"stk-img-wrapper stk-image--shape-stretch\"><img data-recalc-dims=\"1\" loading=\"lazy\" decoding=\"async\" class=\"stk-img wp-image-1539\" src=\"https:\/\/i0.wp.com\/losincasfloreria.com\/wp-content\/uploads\/2022\/04\/geraneos-CABA-BUENOS-AIRES.jpeg?resize=640%2C480&#038;ssl=1\" width=\"640\" height=\"480\" srcset=\"https:\/\/i0.wp.com\/losincasfloreria.com\/wp-content\/uploads\/2022\/04\/geraneos-CABA-BUENOS-AIRES.jpeg?w=640&amp;ssl=1 640w, https:\/\/i0.wp.com\/losincasfloreria.com\/wp-content\/uploads\/2022\/04\/geraneos-CABA-BUENOS-AIRES.jpeg?resize=300%2C225&amp;ssl=1 300w, https:\/\/i0.wp.com\/losincasfloreria.com\/wp-content\/uploads\/2022\/04\/geraneos-CABA-BUENOS-AIRES.jpeg?resize=600%2C450&amp;ssl=1 600w\" sizes=\"auto, (max-width: 640px) 100vw, 640px\" \/><\/span><\/figure><\/div>\n\n\n\n<p data-block-type=\"core\"><\/p>\n\n\n\n<p data-block-type=\"core\"><em><strong>Flores de Verano:<\/strong><\/em><\/p>\n\n\n\n<p data-block-type=\"core\">Cal\u00e9ndulas, violas, nemesias, dalias y geranios son algunas de las espectaculares opciones disponibles durante esta estaci\u00f3n. Los girasoles,&nbsp; margaritas, lirios y rosas tambi\u00e9n est\u00e1n disponibles, es una temporada llena de color.<\/p>\n\n\n\n<p data-block-type=\"core\"><\/p>\n\n\n\n<div class=\"wp-block-stackable-image stk-block-image stk-block stk-839e1ad\" data-block-id=\"839e1ad\"><figure><span class=\"stk-img-wrapper stk-image--shape-stretch\"><img data-recalc-dims=\"1\" loading=\"lazy\" decoding=\"async\" class=\"stk-img wp-image-1540\" src=\"https:\/\/i0.wp.com\/losincasfloreria.com\/wp-content\/uploads\/2022\/04\/CRISAMENTOS-BUENOS-AIRES.webp?resize=600%2C411&#038;ssl=1\" width=\"600\" height=\"411\" srcset=\"https:\/\/i0.wp.com\/losincasfloreria.com\/wp-content\/uploads\/2022\/04\/CRISAMENTOS-BUENOS-AIRES.webp?w=600&amp;ssl=1 600w, https:\/\/i0.wp.com\/losincasfloreria.com\/wp-content\/uploads\/2022\/04\/CRISAMENTOS-BUENOS-AIRES.webp?resize=300%2C206&amp;ssl=1 300w\" sizes=\"auto, (max-width: 600px) 100vw, 600px\" \/><\/span><\/figure><\/div>\n\n\n\n<p data-block-type=\"core\"><\/p>\n\n\n\n<p data-block-type=\"core\"><em><strong>Flores de Oto\u00f1o:<\/strong><\/em><\/p>\n\n\n\n<p data-block-type=\"core\">El brezo, las consolidas y los dianthus son ejemplos de flores hermosas que destacan en el oto\u00f1o.\u00a0<\/p>\n\n\n\n<p data-block-type=\"core\">Los crisantemos, emblema representativo de la estaci\u00f3n, comparten escenario con gladiolos, cal\u00e9ndulas, zinnias y asteres, cada una aportando tonalidades vibrantes que se transforman gradualmente con la llegada de d\u00edas m\u00e1s frescos, capturando la esencia \u00fanica del oto\u00f1o.<\/p>\n\n\n\n<p data-block-type=\"core\"><\/p>\n\n\n\n<div class=\"wp-block-stackable-image stk-block-image stk-block stk-2b12b30\" data-block-id=\"2b12b30\"><figure><span class=\"stk-img-wrapper stk-image--shape-stretch\"><img data-recalc-dims=\"1\" loading=\"lazy\" decoding=\"async\" class=\"stk-img wp-image-1541\" src=\"https:\/\/i0.wp.com\/losincasfloreria.com\/wp-content\/uploads\/2022\/04\/amapola-CABA.jpeg?resize=640%2C452&#038;ssl=1\" width=\"640\" height=\"452\" srcset=\"https:\/\/i0.wp.com\/losincasfloreria.com\/wp-content\/uploads\/2022\/04\/amapola-CABA.jpeg?w=640&amp;ssl=1 640w, https:\/\/i0.wp.com\/losincasfloreria.com\/wp-content\/uploads\/2022\/04\/amapola-CABA.jpeg?resize=300%2C212&amp;ssl=1 300w, https:\/\/i0.wp.com\/losincasfloreria.com\/wp-content\/uploads\/2022\/04\/amapola-CABA.jpeg?resize=600%2C424&amp;ssl=1 600w\" sizes=\"auto, (max-width: 640px) 100vw, 640px\" \/><\/span><\/figure><\/div>\n\n\n\n<p data-block-type=\"core\"><\/p>\n\n\n\n<p data-block-type=\"core\"><em><strong>Flores de Invierno:<\/strong><\/em><\/p>\n\n\n\n<p data-block-type=\"core\">Pensamientos, camelias, narcisos, amapolas y orqu\u00eddeas de invierno despliegan su esplendor incluso en los d\u00edas m\u00e1s fr\u00edos.<\/p>\n\n\n\n<p data-block-type=\"core\"><\/p>\n\n\n\n<div class=\"wp-block-stackable-image stk-block-image stk-block stk-745a4a3\" data-block-id=\"745a4a3\"><figure><span class=\"stk-img-wrapper stk-image--shape-stretch\"><img data-recalc-dims=\"1\" loading=\"lazy\" decoding=\"async\" class=\"stk-img wp-image-1542\" src=\"https:\/\/i0.wp.com\/losincasfloreria.com\/wp-content\/uploads\/2022\/04\/narcisos-CABA-BUENOS-AIRES.jpeg?resize=640%2C426&#038;ssl=1\" width=\"640\" height=\"426\" srcset=\"https:\/\/i0.wp.com\/losincasfloreria.com\/wp-content\/uploads\/2022\/04\/narcisos-CABA-BUENOS-AIRES.jpeg?w=640&amp;ssl=1 640w, https:\/\/i0.wp.com\/losincasfloreria.com\/wp-content\/uploads\/2022\/04\/narcisos-CABA-BUENOS-AIRES.jpeg?resize=300%2C200&amp;ssl=1 300w, https:\/\/i0.wp.com\/losincasfloreria.com\/wp-content\/uploads\/2022\/04\/narcisos-CABA-BUENOS-AIRES.jpeg?resize=600%2C399&amp;ssl=1 600w\" sizes=\"auto, (max-width: 640px) 100vw, 640px\" \/><\/span><\/figure><\/div>\n\n\n\n<p data-block-type=\"core\"><\/p>\n\n\n\n<p data-block-type=\"core\"><em><strong>Flores de Primavera:<\/strong><\/em><\/p>\n\n\n\n<p data-block-type=\"core\">El jazm\u00edn y las amapolas son algunas de las flores que alcanzan su m\u00e1ximo esplendor durante esta estaci\u00f3n especial. Tambi\u00e9n son \u00edconos de esta estaci\u00f3n, los narcisos y tulipanes, simboliza el renacer de la vida. A ellos se suman las an\u00e9monas y ran\u00fanculos, con su deslumbrante gama de colores.<\/p>\n\n\n\n<p data-block-type=\"core\">Ya sea para crear un ramo, un centro de mesa o decorar espacios interiores o exteriores, en los Incas Florer\u00eda siempre recomendamos el uso de flores de temporada. <a href=\"https:\/\/web.whatsapp.com\/send?phone=5491131994806&amp;text=Hola%20Buen%20d%C3%ADa!%20%0D%0AMe%20gustar%C3%ADa%20recibir%20asesoramiento%2C%20muchas%20gracias.\">Si necesitas asesoramiento, no dudes en contactarnos.<\/a><\/p>\n\n\n\n<p data-block-type=\"core\">Etiquetas:&nbsp;<\/p>\n","protected":false},"excerpt":{"rendered":"<p>La naturaleza nos regala la exquisita frescura y belleza de las flores a lo largo de todo el a\u00f1o. Sin embargo, cabe destacar que cada estaci\u00f3n tiene su propia paleta floral, ofreciendo una diversidad \u00fanica en cada momento.\u00a0Conoces las Flores de Temporada en CABA. Es cierto que en los \u00faltimos tiempos las temporadas se est\u00e1n [&hellip;]<\/p>\n","protected":false},"author":1,"featured_media":1847,"comment_status":"closed","ping_status":"open","sticky":false,"template":"","format":"standard","meta":{"_jetpack_memberships_contains_paid_content":false,"footnotes":""},"categories":[1,38,17,19],"tags":[],"class_list":["post-440","post","type-post","status-publish","format-standard","has-post-thumbnail","hentry","category-blog","category-consejos-de-cuidado","category-decor","category-ideas-con-flores"],"blocksy_meta":{"styles_descriptor":{"styles":{"desktop":"","tablet":"","mobile":""},"google_fonts":[],"version":6}},"yoast_head":"<!-- This site is optimized with the Yoast SEO plugin v27.1.1 - https:\/\/yoast.com\/product\/yoast-seo-wordpress\/ -->\n<title>Flores de Temporada en CABA - Los Incas Florer\u00eda<\/title>\n<meta name=\"description\" content=\"Cada estaci\u00f3n tiene su propia paleta floral, ofreciendo una diversidad \u00fanica en cada momento. Revisa las Flores de Temporada en CABA.\" \/>\n<meta name=\"robots\" content=\"index, follow, max-snippet:-1, max-image-preview:large, max-video-preview:-1\" \/>\n<link rel=\"canonical\" href=\"https:\/\/losincasfloreria.com\/index.php\/2024\/02\/18\/flores-de-temporada-en-caba\/\" \/>\n<meta property=\"og:locale\" content=\"es_ES\" \/>\n<meta property=\"og:type\" content=\"article\" \/>\n<meta property=\"og:title\" content=\"Flores de Temporada en CABA - Los Incas Florer\u00eda\" \/>\n<meta property=\"og:description\" content=\"Cada estaci\u00f3n tiene su propia paleta floral, ofreciendo una diversidad \u00fanica en cada momento. Revisa las Flores de Temporada en CABA.\" \/>\n<meta property=\"og:url\" content=\"https:\/\/losincasfloreria.com\/index.php\/2024\/02\/18\/flores-de-temporada-en-caba\/\" \/>\n<meta property=\"og:site_name\" content=\"Los Incas florer\u00eda\" \/>\n<meta property=\"article:publisher\" content=\"https:\/\/www.instagram.com\/losincasfloreria\/\" \/>\n<meta property=\"article:published_time\" content=\"2024-02-18T11:56:47+00:00\" \/>\n<meta property=\"article:modified_time\" content=\"2025-07-28T23:30:06+00:00\" \/>\n<meta property=\"og:image\" content=\"https:\/\/losincasfloreria.com\/wp-content\/uploads\/2024\/02\/22.png\" \/>\n\t<meta property=\"og:image:width\" content=\"1080\" \/>\n\t<meta property=\"og:image:height\" content=\"1080\" \/>\n\t<meta property=\"og:image:type\" content=\"image\/png\" \/>\n<meta name=\"author\" content=\"AdminFloreriaCABA\" \/>\n<meta name=\"twitter:card\" content=\"summary_large_image\" \/>\n<meta name=\"twitter:label1\" content=\"Escrito por\" \/>\n\t<meta name=\"twitter:data1\" content=\"AdminFloreriaCABA\" \/>\n\t<meta name=\"twitter:label2\" content=\"Tiempo de lectura\" \/>\n\t<meta name=\"twitter:data2\" content=\"4 minutos\" \/>\n<script type=\"application\/ld+json\" class=\"yoast-schema-graph\">{\"@context\":\"https:\/\/schema.org\",\"@graph\":[{\"@type\":\"Article\",\"@id\":\"https:\/\/losincasfloreria.com\/index.php\/2024\/02\/18\/flores-de-temporada-en-caba\/#article\",\"isPartOf\":{\"@id\":\"https:\/\/losincasfloreria.com\/index.php\/2024\/02\/18\/flores-de-temporada-en-caba\/\"},\"author\":{\"name\":\"AdminFloreriaCABA\",\"@id\":\"https:\/\/losincasfloreria.com\/#\/schema\/person\/64d41b0a542e91919b59ff871fecc8ef\"},\"headline\":\"Flores de Temporada: Una Elecci\u00f3n Consciente para Embellecer tus espacios\",\"datePublished\":\"2024-02-18T11:56:47+00:00\",\"dateModified\":\"2025-07-28T23:30:06+00:00\",\"mainEntityOfPage\":{\"@id\":\"https:\/\/losincasfloreria.com\/index.php\/2024\/02\/18\/flores-de-temporada-en-caba\/\"},\"wordCount\":535,\"publisher\":{\"@id\":\"https:\/\/losincasfloreria.com\/#organization\"},\"image\":{\"@id\":\"https:\/\/losincasfloreria.com\/index.php\/2024\/02\/18\/flores-de-temporada-en-caba\/#primaryimage\"},\"thumbnailUrl\":\"https:\/\/i0.wp.com\/losincasfloreria.com\/wp-content\/uploads\/2024\/02\/22.png?fit=1080%2C1080&ssl=1\",\"articleSection\":[\"Blog\",\"Consejos de cuidado\",\"Decor\",\"Ideas con Flores\"],\"inLanguage\":\"es\"},{\"@type\":\"WebPage\",\"@id\":\"https:\/\/losincasfloreria.com\/index.php\/2024\/02\/18\/flores-de-temporada-en-caba\/\",\"url\":\"https:\/\/losincasfloreria.com\/index.php\/2024\/02\/18\/flores-de-temporada-en-caba\/\",\"name\":\"Flores de Temporada en CABA - Los Incas Florer\u00eda\",\"isPartOf\":{\"@id\":\"https:\/\/losincasfloreria.com\/#website\"},\"primaryImageOfPage\":{\"@id\":\"https:\/\/losincasfloreria.com\/index.php\/2024\/02\/18\/flores-de-temporada-en-caba\/#primaryimage\"},\"image\":{\"@id\":\"https:\/\/losincasfloreria.com\/index.php\/2024\/02\/18\/flores-de-temporada-en-caba\/#primaryimage\"},\"thumbnailUrl\":\"https:\/\/i0.wp.com\/losincasfloreria.com\/wp-content\/uploads\/2024\/02\/22.png?fit=1080%2C1080&ssl=1\",\"datePublished\":\"2024-02-18T11:56:47+00:00\",\"dateModified\":\"2025-07-28T23:30:06+00:00\",\"description\":\"Cada estaci\u00f3n tiene su propia paleta floral, ofreciendo una diversidad \u00fanica en cada momento. Revisa las Flores de Temporada en CABA.\",\"breadcrumb\":{\"@id\":\"https:\/\/losincasfloreria.com\/index.php\/2024\/02\/18\/flores-de-temporada-en-caba\/#breadcrumb\"},\"inLanguage\":\"es\",\"potentialAction\":[{\"@type\":\"ReadAction\",\"target\":[\"https:\/\/losincasfloreria.com\/index.php\/2024\/02\/18\/flores-de-temporada-en-caba\/\"]}]},{\"@type\":\"ImageObject\",\"inLanguage\":\"es\",\"@id\":\"https:\/\/losincasfloreria.com\/index.php\/2024\/02\/18\/flores-de-temporada-en-caba\/#primaryimage\",\"url\":\"https:\/\/i0.wp.com\/losincasfloreria.com\/wp-content\/uploads\/2024\/02\/22.png?fit=1080%2C1080&ssl=1\",\"contentUrl\":\"https:\/\/i0.wp.com\/losincasfloreria.com\/wp-content\/uploads\/2024\/02\/22.png?fit=1080%2C1080&ssl=1\",\"width\":1080,\"height\":1080,\"caption\":\"Ramo-de-flores-CABA\"},{\"@type\":\"BreadcrumbList\",\"@id\":\"https:\/\/losincasfloreria.com\/index.php\/2024\/02\/18\/flores-de-temporada-en-caba\/#breadcrumb\",\"itemListElement\":[{\"@type\":\"ListItem\",\"position\":1,\"name\":\"Portada\",\"item\":\"https:\/\/losincasfloreria.com\/\"},{\"@type\":\"ListItem\",\"position\":2,\"name\":\"Flores de Temporada: Una Elecci\u00f3n Consciente para Embellecer tus espacios\"}]},{\"@type\":\"WebSite\",\"@id\":\"https:\/\/losincasfloreria.com\/#website\",\"url\":\"https:\/\/losincasfloreria.com\/\",\"name\":\"Los Incas florer\u00eda\",\"description\":\"Florer\u00eda Familiar con m\u00e1s de 10 a\u00f1os en la comunidad atendido por sus due\u00f1os\",\"publisher\":{\"@id\":\"https:\/\/losincasfloreria.com\/#organization\"},\"potentialAction\":[{\"@type\":\"SearchAction\",\"target\":{\"@type\":\"EntryPoint\",\"urlTemplate\":\"https:\/\/losincasfloreria.com\/?s={search_term_string}\"},\"query-input\":{\"@type\":\"PropertyValueSpecification\",\"valueRequired\":true,\"valueName\":\"search_term_string\"}}],\"inLanguage\":\"es\"},{\"@type\":\"Organization\",\"@id\":\"https:\/\/losincasfloreria.com\/#organization\",\"name\":\"Los Incas florer\u00eda\",\"url\":\"https:\/\/losincasfloreria.com\/\",\"logo\":{\"@type\":\"ImageObject\",\"inLanguage\":\"es\",\"@id\":\"https:\/\/losincasfloreria.com\/#\/schema\/logo\/image\/\",\"url\":\"https:\/\/i0.wp.com\/losincasfloreria.com\/wp-content\/uploads\/2024\/01\/Artboard-10%401.5x.png?fit=1882%2C750&ssl=1\",\"contentUrl\":\"https:\/\/i0.wp.com\/losincasfloreria.com\/wp-content\/uploads\/2024\/01\/Artboard-10%401.5x.png?fit=1882%2C750&ssl=1\",\"width\":1882,\"height\":750,\"caption\":\"Los Incas florer\u00eda\"},\"image\":{\"@id\":\"https:\/\/losincasfloreria.com\/#\/schema\/logo\/image\/\"},\"sameAs\":[\"https:\/\/www.instagram.com\/losincasfloreria\/\"]},{\"@type\":\"Person\",\"@id\":\"https:\/\/losincasfloreria.com\/#\/schema\/person\/64d41b0a542e91919b59ff871fecc8ef\",\"name\":\"AdminFloreriaCABA\",\"image\":{\"@type\":\"ImageObject\",\"inLanguage\":\"es\",\"@id\":\"https:\/\/losincasfloreria.com\/#\/schema\/person\/image\/\",\"url\":\"https:\/\/secure.gravatar.com\/avatar\/cd4eae8524e17e8e84ba81178ecd0486890acc4d2d9b3a4fb2cd5a70cd4548d7?s=96&d=mm&r=g\",\"contentUrl\":\"https:\/\/secure.gravatar.com\/avatar\/cd4eae8524e17e8e84ba81178ecd0486890acc4d2d9b3a4fb2cd5a70cd4548d7?s=96&d=mm&r=g\",\"caption\":\"AdminFloreriaCABA\"},\"sameAs\":[\"https:\/\/losincasfloreria.com\"],\"url\":\"https:\/\/losincasfloreria.com\/index.php\/author\/adminfloreriacaba\/\"}]}<\/script>\n<!-- \/ Yoast SEO plugin. -->","yoast_head_json":{"title":"Flores de Temporada en CABA - Los Incas Florer\u00eda","description":"Cada estaci\u00f3n tiene su propia paleta floral, ofreciendo una diversidad \u00fanica en cada momento. Revisa las Flores de Temporada en CABA.","robots":{"index":"index","follow":"follow","max-snippet":"max-snippet:-1","max-image-preview":"max-image-preview:large","max-video-preview":"max-video-preview:-1"},"canonical":"https:\/\/losincasfloreria.com\/index.php\/2024\/02\/18\/flores-de-temporada-en-caba\/","og_locale":"es_ES","og_type":"article","og_title":"Flores de Temporada en CABA - Los Incas Florer\u00eda","og_description":"Cada estaci\u00f3n tiene su propia paleta floral, ofreciendo una diversidad \u00fanica en cada momento. Revisa las Flores de Temporada en CABA.","og_url":"https:\/\/losincasfloreria.com\/index.php\/2024\/02\/18\/flores-de-temporada-en-caba\/","og_site_name":"Los Incas florer\u00eda","article_publisher":"https:\/\/www.instagram.com\/losincasfloreria\/","article_published_time":"2024-02-18T11:56:47+00:00","article_modified_time":"2025-07-28T23:30:06+00:00","og_image":[{"width":1080,"height":1080,"url":"https:\/\/losincasfloreria.com\/wp-content\/uploads\/2024\/02\/22.png","type":"image\/png"}],"author":"AdminFloreriaCABA","twitter_card":"summary_large_image","twitter_misc":{"Escrito por":"AdminFloreriaCABA","Tiempo de lectura":"4 minutos"},"schema":{"@context":"https:\/\/schema.org","@graph":[{"@type":"Article","@id":"https:\/\/losincasfloreria.com\/index.php\/2024\/02\/18\/flores-de-temporada-en-caba\/#article","isPartOf":{"@id":"https:\/\/losincasfloreria.com\/index.php\/2024\/02\/18\/flores-de-temporada-en-caba\/"},"author":{"name":"AdminFloreriaCABA","@id":"https:\/\/losincasfloreria.com\/#\/schema\/person\/64d41b0a542e91919b59ff871fecc8ef"},"headline":"Flores de Temporada: Una Elecci\u00f3n Consciente para Embellecer tus espacios","datePublished":"2024-02-18T11:56:47+00:00","dateModified":"2025-07-28T23:30:06+00:00","mainEntityOfPage":{"@id":"https:\/\/losincasfloreria.com\/index.php\/2024\/02\/18\/flores-de-temporada-en-caba\/"},"wordCount":535,"publisher":{"@id":"https:\/\/losincasfloreria.com\/#organization"},"image":{"@id":"https:\/\/losincasfloreria.com\/index.php\/2024\/02\/18\/flores-de-temporada-en-caba\/#primaryimage"},"thumbnailUrl":"https:\/\/i0.wp.com\/losincasfloreria.com\/wp-content\/uploads\/2024\/02\/22.png?fit=1080%2C1080&ssl=1","articleSection":["Blog","Consejos de cuidado","Decor","Ideas con Flores"],"inLanguage":"es"},{"@type":"WebPage","@id":"https:\/\/losincasfloreria.com\/index.php\/2024\/02\/18\/flores-de-temporada-en-caba\/","url":"https:\/\/losincasfloreria.com\/index.php\/2024\/02\/18\/flores-de-temporada-en-caba\/","name":"Flores de Temporada en CABA - Los Incas Florer\u00eda","isPartOf":{"@id":"https:\/\/losincasfloreria.com\/#website"},"primaryImageOfPage":{"@id":"https:\/\/losincasfloreria.com\/index.php\/2024\/02\/18\/flores-de-temporada-en-caba\/#primaryimage"},"image":{"@id":"https:\/\/losincasfloreria.com\/index.php\/2024\/02\/18\/flores-de-temporada-en-caba\/#primaryimage"},"thumbnailUrl":"https:\/\/i0.wp.com\/losincasfloreria.com\/wp-content\/uploads\/2024\/02\/22.png?fit=1080%2C1080&ssl=1","datePublished":"2024-02-18T11:56:47+00:00","dateModified":"2025-07-28T23:30:06+00:00","description":"Cada estaci\u00f3n tiene su propia paleta floral, ofreciendo una diversidad \u00fanica en cada momento. Revisa las Flores de Temporada en CABA.","breadcrumb":{"@id":"https:\/\/losincasfloreria.com\/index.php\/2024\/02\/18\/flores-de-temporada-en-caba\/#breadcrumb"},"inLanguage":"es","potentialAction":[{"@type":"ReadAction","target":["https:\/\/losincasfloreria.com\/index.php\/2024\/02\/18\/flores-de-temporada-en-caba\/"]}]},{"@type":"ImageObject","inLanguage":"es","@id":"https:\/\/losincasfloreria.com\/index.php\/2024\/02\/18\/flores-de-temporada-en-caba\/#primaryimage","url":"https:\/\/i0.wp.com\/losincasfloreria.com\/wp-content\/uploads\/2024\/02\/22.png?fit=1080%2C1080&ssl=1","contentUrl":"https:\/\/i0.wp.com\/losincasfloreria.com\/wp-content\/uploads\/2024\/02\/22.png?fit=1080%2C1080&ssl=1","width":1080,"height":1080,"caption":"Ramo-de-flores-CABA"},{"@type":"BreadcrumbList","@id":"https:\/\/losincasfloreria.com\/index.php\/2024\/02\/18\/flores-de-temporada-en-caba\/#breadcrumb","itemListElement":[{"@type":"ListItem","position":1,"name":"Portada","item":"https:\/\/losincasfloreria.com\/"},{"@type":"ListItem","position":2,"name":"Flores de Temporada: Una Elecci\u00f3n Consciente para Embellecer tus espacios"}]},{"@type":"WebSite","@id":"https:\/\/losincasfloreria.com\/#website","url":"https:\/\/losincasfloreria.com\/","name":"Los Incas florer\u00eda","description":"Florer\u00eda Familiar con m\u00e1s de 10 a\u00f1os en la comunidad atendido por sus due\u00f1os","publisher":{"@id":"https:\/\/losincasfloreria.com\/#organization"},"potentialAction":[{"@type":"SearchAction","target":{"@type":"EntryPoint","urlTemplate":"https:\/\/losincasfloreria.com\/?s={search_term_string}"},"query-input":{"@type":"PropertyValueSpecification","valueRequired":true,"valueName":"search_term_string"}}],"inLanguage":"es"},{"@type":"Organization","@id":"https:\/\/losincasfloreria.com\/#organization","name":"Los Incas florer\u00eda","url":"https:\/\/losincasfloreria.com\/","logo":{"@type":"ImageObject","inLanguage":"es","@id":"https:\/\/losincasfloreria.com\/#\/schema\/logo\/image\/","url":"https:\/\/i0.wp.com\/losincasfloreria.com\/wp-content\/uploads\/2024\/01\/Artboard-10%401.5x.png?fit=1882%2C750&ssl=1","contentUrl":"https:\/\/i0.wp.com\/losincasfloreria.com\/wp-content\/uploads\/2024\/01\/Artboard-10%401.5x.png?fit=1882%2C750&ssl=1","width":1882,"height":750,"caption":"Los Incas florer\u00eda"},"image":{"@id":"https:\/\/losincasfloreria.com\/#\/schema\/logo\/image\/"},"sameAs":["https:\/\/www.instagram.com\/losincasfloreria\/"]},{"@type":"Person","@id":"https:\/\/losincasfloreria.com\/#\/schema\/person\/64d41b0a542e91919b59ff871fecc8ef","name":"AdminFloreriaCABA","image":{"@type":"ImageObject","inLanguage":"es","@id":"https:\/\/losincasfloreria.com\/#\/schema\/person\/image\/","url":"https:\/\/secure.gravatar.com\/avatar\/cd4eae8524e17e8e84ba81178ecd0486890acc4d2d9b3a4fb2cd5a70cd4548d7?s=96&d=mm&r=g","contentUrl":"https:\/\/secure.gravatar.com\/avatar\/cd4eae8524e17e8e84ba81178ecd0486890acc4d2d9b3a4fb2cd5a70cd4548d7?s=96&d=mm&r=g","caption":"AdminFloreriaCABA"},"sameAs":["https:\/\/losincasfloreria.com"],"url":"https:\/\/losincasfloreria.com\/index.php\/author\/adminfloreriacaba\/"}]}},"jetpack_featured_media_url":"https:\/\/i0.wp.com\/losincasfloreria.com\/wp-content\/uploads\/2024\/02\/22.png?fit=1080%2C1080&ssl=1","jetpack_sharing_enabled":true,"_links":{"self":[{"href":"https:\/\/losincasfloreria.com\/index.php\/wp-json\/wp\/v2\/posts\/440","targetHints":{"allow":["GET"]}}],"collection":[{"href":"https:\/\/losincasfloreria.com\/index.php\/wp-json\/wp\/v2\/posts"}],"about":[{"href":"https:\/\/losincasfloreria.com\/index.php\/wp-json\/wp\/v2\/types\/post"}],"author":[{"embeddable":true,"href":"https:\/\/losincasfloreria.com\/index.php\/wp-json\/wp\/v2\/users\/1"}],"replies":[{"embeddable":true,"href":"https:\/\/losincasfloreria.com\/index.php\/wp-json\/wp\/v2\/comments?post=440"}],"version-history":[{"count":4,"href":"https:\/\/losincasfloreria.com\/index.php\/wp-json\/wp\/v2\/posts\/440\/revisions"}],"predecessor-version":[{"id":1852,"href":"https:\/\/losincasfloreria.com\/index.php\/wp-json\/wp\/v2\/posts\/440\/revisions\/1852"}],"wp:featuredmedia":[{"embeddable":true,"href":"https:\/\/losincasfloreria.com\/index.php\/wp-json\/wp\/v2\/media\/1847"}],"wp:attachment":[{"href":"https:\/\/losincasfloreria.com\/index.php\/wp-json\/wp\/v2\/media?parent=440"}],"wp:term":[{"taxonomy":"category","embeddable":true,"href":"https:\/\/losincasfloreria.com\/index.php\/wp-json\/wp\/v2\/categories?post=440"},{"taxonomy":"post_tag","embeddable":true,"href":"https:\/\/losincasfloreria.com\/index.php\/wp-json\/wp\/v2\/tags?post=440"}],"curies":[{"name":"wp","href":"https:\/\/api.w.org\/{rel}","templated":true}]}}